{"id":1040,"date":"2022-02-11T22:31:47","date_gmt":"2022-02-11T22:31:47","guid":{"rendered":"https:\/\/sodrastation.org\/?p=1040"},"modified":"2022-03-07T16:36:57","modified_gmt":"2022-03-07T16:36:57","slug":"inbjudan-till-arsmote-2022-kollektivhusforeningen-sodra-station","status":"publish","type":"post","link":"https:\/\/sodrastation.org\/?p=1040","title":{"rendered":"Inbjudan till \u00e5rsm\u00f6te 2022 kollektivhusf\u00f6reningen S\u00f6dra station!"},"content":{"rendered":"\n<h2 class=\"wp-block-heading\" id=\"block-efe72603-e568-4838-a484-09e4bb3512be\">Dagordning<\/h2>\n\n\n\n<p><strong>Datum och tid: <\/strong>s\u00f6ndag den 13 mars, kl 15\u201316.30 <\/p>\n\n\n\n<p><strong>Plats:<\/strong> fysiskt i matsalen, Magnus Ladul\u00e5sgatan 19<\/p>\n\n\n\n<ol class=\"wp-block-list\"><li>Val av m\u00f6tets ordf\u00f6rande<\/li><li>Val av sekreterare och tv\u00e5 justeringsm\u00e4n<\/li><li>Fr\u00e5ga om godk\u00e4nnande av <a rel=\"noreferrer noopener\" href=\"https:\/\/docs.google.com\/document\/d\/1XTcc80mMCEcvDargY05dfBps-TElkBAA\/edit?usp=sharing&amp;ouid=111924468200905550137&amp;rtpof=true&amp;sd=true\" target=\"_blank\">kallelsen och dagordning<\/a><\/li><li>Styrelsens och \u00f6vriga arbetsgruppers <a rel=\"noreferrer noopener\" href=\"https:\/\/drive.google.com\/file\/d\/1NtHGuaaS0f5k4PEX0ZhcGla4E5V_w7Bq\/view?usp=sharing\" target=\"_blank\">\u00e5rsber\u00e4ttelser <\/a>(inklusive <a rel=\"noreferrer noopener\" href=\"https:\/\/www.facebook.com\/groups\/172254376131943\" target=\"_blank\">Facebook<\/a> och <a rel=\"noreferrer noopener\" href=\"https:\/\/sodrastation.org\/\" target=\"_blank\">webb<\/a>)<\/li><li>Genomg\u00e5ng av <a rel=\"noreferrer noopener\" href=\"https:\/\/drive.google.com\/open?id=1NtHGuaaS0f5k4PEX0ZhcGla4E5V_w7Bq\" target=\"_blank\">resultat och balansr\u00e4kning<\/a><\/li><li><a href=\"https:\/\/drive.google.com\/file\/d\/1_vVSqwDSmzQeLy0-GhHfjUyh6SJUQLSU\/view?usp=sharing\">Revisorernas ber\u00e4ttelse<\/a><\/li><li>Fr\u00e5ga om styrelsens och \u00f6vriga arbetsgruppers ansvarsfrihet<\/li><li>Fr\u00e5ga om medlemsavgifter<ol><li>Styrelsen f\u00f6resl\u00e5r befintlig medlemsavgift 250 kronor per vuxen<\/li><\/ol><\/li><li><a href=\"https:\/\/docs.google.com\/document\/d\/1x4CIaqfStIYuNOXlSvZF5QlsvWZiqv0Q\/edit?usp=sharing&amp;ouid=111924468200905550137&amp;rtpof=true&amp;sd=true\">Val av styrelsens ordf\u00f6rande, kass\u00f6r och \u00f6vriga styrelseledam\u00f6ter<\/a> + admin <a rel=\"noreferrer noopener\" href=\"https:\/\/www.facebook.com\/groups\/172254376131943\" target=\"_blank\">Facebook<\/a>&nbsp;<\/li><li><a rel=\"noreferrer noopener\" href=\"https:\/\/docs.google.com\/document\/d\/1x4CIaqfStIYuNOXlSvZF5QlsvWZiqv0Q\/edit?usp=sharing&amp;ouid=111924468200905550137&amp;rtpof=true&amp;sd=true\" target=\"_blank\">Val av revisorer<\/a><\/li><li><a rel=\"noreferrer noopener\" href=\"https:\/\/docs.google.com\/document\/d\/1x4CIaqfStIYuNOXlSvZF5QlsvWZiqv0Q\/edit?usp=sharing&amp;ouid=111924468200905550137&amp;rtpof=true&amp;sd=true\" target=\"_blank\">Val av valberedning<\/a><\/li><li>\u00d6vriga \u00e4renden<ol><li>Fr\u00e5ga om alkoholink\u00f6p och utl\u00e4gg kring husfester och arbetsdagar.&nbsp;<\/li><\/ol><\/li><li><a rel=\"noreferrer noopener\" href=\"https:\/\/docs.google.com\/document\/d\/1koOUvN9uXQ0EIwSmPRoGWWICILfomJFZJZ1PtBDuDCo\/edit?usp=sharing\" target=\"_blank\">Kalendarium<\/a>, detta h\u00e4nder i kollektivhusf\u00f6reningen kommande \u00e5ret<\/li><li>M\u00f6tet avslutande<\/li><\/ol>\n\n\n\n<p><strong>Kom ih\u00e5g att den individuella medlemsavgiften f\u00f6r 2022 ska vara inbetald till plusgiro 30&nbsp;35&nbsp;23-5 eller swisha 123 133 3855 f\u00f6re \u00e5rsm\u00f6tet, 250 kronor per vuxen. F\u00f6r dig och er som \u00e4r med i matlag s\u00e5 drar kass\u00f6ren Tobias och Astrid (prickansvarig) direkt fr\u00e5n matkontot. F\u00f6r er andra \u00e4r det manuell egen inbetalning som g\u00e4ller.&nbsp;<\/strong><\/p>\n\n\n\n<p>med v\u00e4nliga h\u00e4lsningar,<\/p>\n\n\n\n<p>Styrelsen f\u00f6r kollektivhusf\u00f6reningen s\u00f6dra station, Mattias Bengtsson Bystr\u00f6m, ordf\u00f6rande&nbsp;<\/p>\n\n\n\n<p><a href=\"https:\/\/sodrastation.org\/\" target=\"_blank\" rel=\"noreferrer noopener\">https:\/\/sodrastation.org<\/a> | <a href=\"mailto:kollektivhusetsodrastation@gmail.com\" target=\"_blank\" rel=\"noreferrer noopener\">kollektivhusetsodrastation@gmail.com<\/a> | <a href=\"http:\/\/org.nr\/\" target=\"_blank\" rel=\"noreferrer noopener\">org.nr<\/a> 802013-3768&nbsp;<\/p>\n\n\n\n<p>Ur <a href=\"https:\/\/drive.google.com\/file\/d\/1nwUgashBmk2BdfXhUuJd4e74c5yoAj97\/view?usp=sharing\" target=\"_blank\" rel=\"noreferrer noopener\">stadgarna<\/a> antagna p\u00e5 f\u00f6reningsm\u00f6tet 201122 och p\u00e5 \u00e5rsm\u00f6tet 210328:<\/p>\n\n\n\n<p><em>Senast den sista mars varje \u00e5r ska \u00e5rsm\u00f6te h\u00e5llas. F\u00f6reningens styrelse kallar till \u00e5rsm\u00f6tet genom skriftlig kallelse till medlemmarna senast fyra veckor f\u00f6re m\u00f6tet. Kallelsen ska inneh\u00e5lla tid och plats f\u00f6r m\u00f6tet och prelimin\u00e4rt f\u00f6rslag till dagordning. Senast en vecka f\u00f6re m\u00f6tet ska slutgiltigt f\u00f6rslag till dagordning, styrelsens och \u00f6vriga arbetsgruppers \u00e5rsber\u00e4ttelse samt revisionsber\u00e4ttelsen delges medlemmarna.<\/em><\/p>\n\n\n\n<figure class=\"wp-block-image\"><img decoding=\"async\" src=\"https:\/\/lh6.googleusercontent.com\/W-bNGil_lFpbkvs5Ee6BxsgSY8d3RkiBuHT9ENf7BGfP6rNIhMjPnoN4-0hjoEKnPAm4aItRA1gBFG2TB9SxPVGHy52f-uEAXcIa3AcY_AI6hveRpn3UYrnAmow2DA\" alt=\"\"\/><\/figure>\n\n\n\n<h2 class=\"wp-block-heading\">Valberedningens f\u00f6rslag till styrelse f\u00f6r Kollektivhusf\u00f6reningen S\u00f6dra Station \u00e5r 2022<\/h2>\n\n\n\n<p><strong>Valberedningens f\u00f6rslag \u00e4r f\u00f6ljande:<\/strong><\/p>\n\n\n\n<p><strong>Ordf\u00f6rande:<\/strong> Mattias Bengtsson Bystr\u00f6m<\/p>\n\n\n\n<p><strong>Kass\u00f6r:<\/strong> Lars Eriksson<\/p>\n\n\n\n<p><strong>Ledam\u00f6ter:&nbsp;<\/strong><\/p>\n\n\n\n<p>Sara Hillborg<\/p>\n\n\n\n<p>Kristoffer Henrysson<\/p>\n\n\n\n<p>Cia Schubert<\/p>\n\n\n\n<p>Dan Munter<\/p>\n\n\n\n<p><strong>Revisorer:<\/strong><\/p>\n\n\n\n<p>Ingrid Sill\u00e9n<\/p>\n\n\n\n<p>Erik Ridderstolpe<\/p>\n\n\n\n<p>Stockholm 2022\u201303\u201305<\/p>\n\n\n\n<p>Ann-Sofie Bergman Anna Carlsson Josef Belloni Sahlin<\/p>\n\n\n\n<figure class=\"wp-block-image\"><img decoding=\"async\" src=\"https:\/\/ssl.gstatic.com\/ui\/v1\/icons\/mail\/images\/cleardot.gif\" alt=\"\"\/><\/figure>\n","protected":false},"excerpt":{"rendered":"<p>Dagordning Datum och tid: s\u00f6ndag den 13 mars, kl 15\u201316.30 Plats: fysiskt i matsalen, Magnus Ladul\u00e5sgatan 19 Val av m\u00f6tets ordf\u00f6rande Val av sekreterare och tv\u00e5 justeringsm\u00e4n Fr\u00e5ga om godk\u00e4nnande av kallelsen och dagordning Styrelsens och \u00f6vriga arbetsgruppers \u00e5rsber\u00e4ttelser (inklusive Facebook och webb) Genomg\u00e5ng av resultat och balansr\u00e4kning Revisorernas ber\u00e4ttelse Fr\u00e5ga om styrelsens och \u00f6vriga &hellip; <\/p>\n<p class=\"link-more\"><a href=\"https:\/\/sodrastation.org\/?p=1040\" class=\"more-link\">Forts\u00e4tt l\u00e4sa<span class=\"screen-reader-text\"> \u201dInbjudan till \u00e5rsm\u00f6te 2022 kollektivhusf\u00f6reningen S\u00f6dra station!\u201d<\/span><\/a><\/p>\n","protected":false},"author":6,"featured_media":1041,"comment_status":"open","ping_status":"closed","sticky":false,"template":"","format":"standard","meta":{"jetpack_post_was_ever_published":false,"_jetpack_newsletter_access":"","_jetpack_dont_email_post_to_subs":false,"_jetpack_newsletter_tier_id":0,"_jetpack_memberships_contains_paywalled_content":false,"_jetpack_memberships_contains_paid_content":false,"footnotes":"","jetpack_publicize_message":"","jetpack_publicize_feature_enabled":true,"jetpack_social_post_already_shared":true,"jetpack_social_options":{"image_generator_settings":{"template":"highway","default_image_id":0,"font":"","enabled":false},"version":2}},"categories":[20,7],"tags":[8,33],"class_list":["post-1040","post","type-post","status-publish","format-standard","has-post-thumbnail","hentry","category-protokoll-och-motesanteckningar","category-verksamhetsberattelse","tag-arsmote","tag-foreningsmote"],"jetpack_publicize_connections":[],"jetpack_featured_media_url":"https:\/\/sodrastation.org\/wp-content\/uploads\/2022\/02\/Siwsh-bli-medlem-i-KHF-x-3.png","jetpack_shortlink":"https:\/\/wp.me\/p4aZOx-gM","jetpack_sharing_enabled":true,"_links":{"self":[{"href":"https:\/\/sodrastation.org\/index.php?rest_route=\/wp\/v2\/posts\/1040","targetHints":{"allow":["GET"]}}],"collection":[{"href":"https:\/\/sodrastation.org\/index.php?rest_route=\/wp\/v2\/posts"}],"about":[{"href":"https:\/\/sodrastation.org\/index.php?rest_route=\/wp\/v2\/types\/post"}],"author":[{"embeddable":true,"href":"https:\/\/sodrastation.org\/index.php?rest_route=\/wp\/v2\/users\/6"}],"replies":[{"embeddable":true,"href":"https:\/\/sodrastation.org\/index.php?rest_route=%2Fwp%2Fv2%2Fcomments&post=1040"}],"version-history":[{"count":6,"href":"https:\/\/sodrastation.org\/index.php?rest_route=\/wp\/v2\/posts\/1040\/revisions"}],"predecessor-version":[{"id":1053,"href":"https:\/\/sodrastation.org\/index.php?rest_route=\/wp\/v2\/posts\/1040\/revisions\/1053"}],"wp:featuredmedia":[{"embeddable":true,"href":"https:\/\/sodrastation.org\/index.php?rest_route=\/wp\/v2\/media\/1041"}],"wp:attachment":[{"href":"https:\/\/sodrastation.org\/index.php?rest_route=%2Fwp%2Fv2%2Fmedia&parent=1040"}],"wp:term":[{"taxonomy":"category","embeddable":true,"href":"https:\/\/sodrastation.org\/index.php?rest_route=%2Fwp%2Fv2%2Fcategories&post=1040"},{"taxonomy":"post_tag","embeddable":true,"href":"https:\/\/sodrastation.org\/index.php?rest_route=%2Fwp%2Fv2%2Ftags&post=1040"}],"curies":[{"name":"wp","href":"https:\/\/api.w.org\/{rel}","templated":true}]}}