{"id":1099,"date":"2022-09-18T18:58:11","date_gmt":"2022-09-18T18:58:11","guid":{"rendered":"https:\/\/sodrastation.org\/?p=1099"},"modified":"2022-09-18T18:59:22","modified_gmt":"2022-09-18T18:59:22","slug":"hojning-av-matpriserna-pa-senaste-foreningsmotet-28-8","status":"publish","type":"post","link":"https:\/\/sodrastation.org\/?p=1099","title":{"rendered":"H\u00f6jning av matpriserna p\u00e5 senaste f\u00f6reningsm\u00f6tet 28\/8"},"content":{"rendered":"\n<p>P\u00e5 kollektivhusf\u00f6reningen S\u00f6dra stations senaste f\u00f6reningsm\u00f6te den 28\/8 besl\u00f6t deltagande medlemmar att priserna i matsalen beh\u00f6vde h\u00f6jas. Protokollet sitter som vanligt p\u00e5 anslagstavlorna och i p\u00e4rmen i syrummet\/kontoret samt bifogas detta inl\u00e4gg. Senaste styrelsem\u00f6tet den 6\/9 besl\u00f6t att h\u00f6jningen genomf\u00f6rs vid kommande m\u00e5nadsskifte \u2013 allts\u00e5 fr\u00e5n den f\u00f6rsta november.<\/p>\n\n\n\n<figure class=\"wp-block-image size-large\"><a href=\"https:\/\/sodrastation.org\/wp-content\/uploads\/2022\/09\/20220321_172751-scaled.jpg\"><img loading=\"lazy\" decoding=\"async\" width=\"1024\" height=\"576\" src=\"https:\/\/sodrastation.org\/wp-content\/uploads\/2022\/09\/20220321_172751-1024x576.jpg\" alt=\"\" class=\"wp-image-1101\" srcset=\"https:\/\/sodrastation.org\/wp-content\/uploads\/2022\/09\/20220321_172751-1024x576.jpg 1024w, https:\/\/sodrastation.org\/wp-content\/uploads\/2022\/09\/20220321_172751-300x169.jpg 300w, https:\/\/sodrastation.org\/wp-content\/uploads\/2022\/09\/20220321_172751-768x432.jpg 768w, https:\/\/sodrastation.org\/wp-content\/uploads\/2022\/09\/20220321_172751-1536x864.jpg 1536w, https:\/\/sodrastation.org\/wp-content\/uploads\/2022\/09\/20220321_172751-2048x1152.jpg 2048w\" sizes=\"auto, (max-width: 767px) 89vw, (max-width: 1000px) 54vw, (max-width: 1071px) 543px, 580px\" \/><\/a><\/figure>\n\n\n\n<p>H\u00e4r \u00e4r nya priserna:<\/p>\n\n\n\n<ul class=\"wp-block-list\"><li>Barn under 12 \u00e5r: 15 kr (13 kr)<\/li><li>Ungdomar 12\u201319: 25 kr (22 kr)<\/li><li>Vuxna medlemmar i matlag: 40 kr (36 kr)<\/li><li>Vuxna g\u00e4ster: 50 kr (40 kr)<\/li><li>Matl\u00e5da (fr\u00e5n frysen): 30 kr (28 kr)<\/li><\/ul>\n\n\n\n<p>Annat som togs upp p\u00e5 f\u00f6reningsm\u00f6tet var att antalet medlemmar \u00f6kat till 134 medlemmar och att vi avvaktar i nul\u00e4get med fler externa medlemmar som inte bor i M\u00e5ttbandet f\u00f6r att hinna introducera de nya.<\/p>\n\n\n\n<p>Valberedningen hade tyv\u00e4rr inte hittat n\u00e5gon kandidat till fyllnadsval till styrelsen som har h\u00f6g arbetsbelastning. D\u00e4remot erbj\u00f6d sig Josef Belloni Sahlin p\u00e5 sittande m\u00f6te att vara med och organisera arbetsdagen. Det var flera som ville och kunde vara med och informera om kollektivhusf\u00f6reningen vid l\u00e4genhetsvisningar.<\/p>\n\n\n\n<p>N\u00e4r det g\u00e4ller verksamhetsgrupperna s\u00e5 har ett nytt digitalt trumset k\u00f6pts in till musikrummet. Dan Munter blir j\u00e4mte Maria Persson kontaktpersoner f\u00f6r kuddrummet. Caf\u00e9gruppen ber\u00e4ttade om uppfr\u00e4schningen av s\u00e5v\u00e4l caf\u00e9et som loungen utanf\u00f6r bastun. OBS att f\u00f6r\u00e4ldrar beh\u00f6ver ha koll p\u00e5 barn som ibland st\u00f6kar ned i v\u00e5ra gemensamhetslokaler. G\u00e4ller \u00e4ven att l\u00e5sa d\u00f6rren fr\u00e5n tv\u00e4ttstugan till balkongen och st\u00e4nga f\u00f6nster i kuddrummet och r\u00f6relserummet samt l\u00e5sa toalett och st\u00e4drum i korridoren efter anv\u00e4ndning.<\/p>\n\n\n\n<p>F\u00f6r mer info om \u00f6ppet hus den 2 oktober s\u00e5 finns mer info p\u00e5 Kollektivhus.nu samt inl\u00e4gg i interna Facebookgruppen, liksom f\u00f6r st\u00e4ddagen och releasefesten i caf\u00e9et l\u00f6rdag 24\/9 d\u00e4r alla medlemmar ocks\u00e5 ska ha f\u00e5tt mejl \u2013 se detta inl\u00e4gg.<\/p>\n\n\n\n<div data-wp-interactive=\"core\/file\" class=\"wp-block-file\"><object data-wp-bind--hidden=\"!state.hasPdfPreview\" hidden class=\"wp-block-file__embed\" data=\"https:\/\/sodrastation.org\/wp-content\/uploads\/2022\/09\/Protokoll-foreningsmote-28-augusti-2022-Kollektivhusforeningen-Sodra-Station.docx.pdf\" type=\"application\/pdf\" style=\"width:100%;height:600px\" aria-label=\"Inb\u00e4ddning av Inb\u00e4ddning av Protokoll-foreningsmote-28-augusti-2022-Kollektivhusforeningen-Sodra-Station.docx..\"><\/object><a id=\"wp-block-file--media-31ab5fa9-3602-4ed3-a57e-bcef420b7f48\" href=\"https:\/\/sodrastation.org\/wp-content\/uploads\/2022\/09\/Protokoll-foreningsmote-28-augusti-2022-Kollektivhusforeningen-Sodra-Station.docx.pdf\">Protokoll-foreningsmote-28-augusti-2022-Kollektivhusforeningen-Sodra-Station.docx<\/a><a href=\"https:\/\/sodrastation.org\/wp-content\/uploads\/2022\/09\/Protokoll-foreningsmote-28-augusti-2022-Kollektivhusforeningen-Sodra-Station.docx.pdf\" class=\"wp-block-file__button\" download aria-describedby=\"wp-block-file--media-31ab5fa9-3602-4ed3-a57e-bcef420b7f48\">Ladda ner<\/a><\/div>\n\n\n\n<p><\/p>\n","protected":false},"excerpt":{"rendered":"<p>P\u00e5 kollektivhusf\u00f6reningen S\u00f6dra stations senaste f\u00f6reningsm\u00f6te den 28\/8 besl\u00f6t deltagande medlemmar att priserna i matsalen beh\u00f6vde h\u00f6jas. Protokollet sitter som vanligt p\u00e5 anslagstavlorna och i p\u00e4rmen i syrummet\/kontoret samt bifogas detta inl\u00e4gg. Senaste styrelsem\u00f6tet den 6\/9 besl\u00f6t att h\u00f6jningen genomf\u00f6rs vid kommande m\u00e5nadsskifte \u2013 allts\u00e5 fr\u00e5n den f\u00f6rsta november. H\u00e4r \u00e4r nya priserna: Barn under &hellip; <\/p>\n<p class=\"link-more\"><a href=\"https:\/\/sodrastation.org\/?p=1099\" class=\"more-link\">Forts\u00e4tt l\u00e4sa<span class=\"screen-reader-text\"> \u201dH\u00f6jning av matpriserna p\u00e5 senaste f\u00f6reningsm\u00f6tet 28\/8\u201d<\/span><\/a><\/p>\n","protected":false},"author":6,"featured_media":0,"comment_status":"open","ping_status":"closed","sticky":false,"template":"","format":"standard","meta":{"jetpack_post_was_ever_published":false,"_jetpack_newsletter_access":"","_jetpack_dont_email_post_to_subs":false,"_jetpack_newsletter_tier_id":0,"_jetpack_memberships_contains_paywalled_content":false,"_jetpack_memberships_contains_paid_content":false,"footnotes":"","jetpack_publicize_message":"","jetpack_publicize_feature_enabled":true,"jetpack_social_post_already_shared":true,"jetpack_social_options":{"image_generator_settings":{"template":"highway","default_image_id":0,"font":"","enabled":false},"version":2}},"categories":[4,20],"tags":[],"class_list":["post-1099","post","type-post","status-publish","format-standard","hentry","category-matsalen","category-protokoll-och-motesanteckningar"],"jetpack_publicize_connections":[],"jetpack_featured_media_url":"","jetpack_shortlink":"https:\/\/wp.me\/p4aZOx-hJ","jetpack_sharing_enabled":true,"_links":{"self":[{"href":"https:\/\/sodrastation.org\/index.php?rest_route=\/wp\/v2\/posts\/1099","targetHints":{"allow":["GET"]}}],"collection":[{"href":"https:\/\/sodrastation.org\/index.php?rest_route=\/wp\/v2\/posts"}],"about":[{"href":"https:\/\/sodrastation.org\/index.php?rest_route=\/wp\/v2\/types\/post"}],"author":[{"embeddable":true,"href":"https:\/\/sodrastation.org\/index.php?rest_route=\/wp\/v2\/users\/6"}],"replies":[{"embeddable":true,"href":"https:\/\/sodrastation.org\/index.php?rest_route=%2Fwp%2Fv2%2Fcomments&post=1099"}],"version-history":[{"count":1,"href":"https:\/\/sodrastation.org\/index.php?rest_route=\/wp\/v2\/posts\/1099\/revisions"}],"predecessor-version":[{"id":1102,"href":"https:\/\/sodrastation.org\/index.php?rest_route=\/wp\/v2\/posts\/1099\/revisions\/1102"}],"wp:attachment":[{"href":"https:\/\/sodrastation.org\/index.php?rest_route=%2Fwp%2Fv2%2Fmedia&parent=1099"}],"wp:term":[{"taxonomy":"category","embeddable":true,"href":"https:\/\/sodrastation.org\/index.php?rest_route=%2Fwp%2Fv2%2Fcategories&post=1099"},{"taxonomy":"post_tag","embeddable":true,"href":"https:\/\/sodrastation.org\/index.php?rest_route=%2Fwp%2Fv2%2Ftags&post=1099"}],"curies":[{"name":"wp","href":"https:\/\/api.w.org\/{rel}","templated":true}]}}