{"id":781,"date":"2020-08-28T22:22:03","date_gmt":"2020-08-28T22:22:03","guid":{"rendered":"http:\/\/sodrastation.org\/?p=781"},"modified":"2020-08-28T22:25:53","modified_gmt":"2020-08-28T22:25:53","slug":"valkomna-pa-husmote-for-diskussion-om-forslaget-pa-nya-stadgar","status":"publish","type":"post","link":"https:\/\/sodrastation.org\/?p=781","title":{"rendered":"V\u00e4lkomna p\u00e5 husm\u00f6te f\u00f6r diskussion om f\u00f6rslaget p\u00e5 nya stadgar!"},"content":{"rendered":"\n<p>Detta \u00e4r kallelsen till n\u00e4sta husm\u00f6te s\u00f6ndag den 6 september kl 19\u201320.30 i matsalen, Kollektivhusf\u00f6reningen S\u00f6dra station. Enligt l\u00e4nkade dagordning avhandlar vi f\u00f6rst korta informationspunkter om v\u00e5r gemensamma verksamhet fr\u00e5n olika ansvariga i styrelsen, men huvudsakligen ska vi diskutera nya stadgar, se l\u00e4nkar.<\/p>\n\n\n\n<p>P\u00e5 husm\u00f6tet den 24 november 2019 togs fr\u00e5gan upp om att skapa en stadgegrupp som ser \u00f6ver f\u00f6reningens stadgar. P\u00e5 m\u00f6tet den 7 januari best\u00e4mde styrelsen enligt nedan:<\/p>\n\n\n\n<p><em>Beslut: Att tills\u00e4tta en arbetsgrupp f\u00f6r att se \u00f6ver f\u00f6reningens stadgar. Arbetsgruppen kommer att best\u00e5 av Emma Lundberg, Anna Holmgren, Mattias Bengtsson Bystr\u00f6m, Josef Sahlin och J\u00f6rgen Sundsten. M\u00e5ls\u00e4ttningen \u00e4r att utveckla ett f\u00f6rslag till stadgar som kan beslutas p\u00e5 \u00e5rsm\u00f6tet 2021.<\/em><\/p>\n\n\n\n<p>Stadgegruppen arbetade i januari till mars p\u00e5 fysiska m\u00f6ten och digitalt via chat och delbart gemensamt dokument fram ett f\u00f6rslag som e-postades till styrelsen den 15 mars. Dessa \u00e4r de f\u00f6reslagna f\u00f6r\u00e4ndringarna som utg\u00f6r diskussionsunderlag p\u00e5 husm\u00f6tet:<\/p>\n\n\n\n<ul class=\"wp-block-list\"><li>Termen kollektivhuset \u00e4ndras till kollektivhusf\u00f6reningen, n\u00e4r det syftar p\u00e5 verksamheten som nu \u00e4r st\u00f6rre och omfattar fler alla boende i M\u00e5ttbandet och inte enbart boende i M\u00e5ttbandet 2 som byggdes som kollektivhus<\/li><li>De gemensamma aktiviteterna specificeras och konkretiseras<\/li><li>Det \u201dautomatiska\u201d och obligatoriska medlemskapet f\u00f6r boende i M\u00e5ttbandet 2 tas bort, medlemmar med tillg\u00e5ng till b\u00e5de verksamhet och lokalerna \u00e4r de som betalar medlemsavgiften<\/li><li>Det individuella medlemskapet f\u00f6resl\u00e5s omfatta \u00e4ven barn \u00f6ver 21 \u00e5r&nbsp;<\/li><li>Externa medlemmar i matlagsverksamheten har yttrander\u00e4tt men ej r\u00f6str\u00e4tt p\u00e5 husm\u00f6ten och har inte egen tillg\u00e5ng till gemensamhetslokalerna<\/li><li>Spr\u00e5kliga \u00e4ndringar, som att skall f\u00f6renklas till ska<\/li><li>Flexiblare skrivning med fyra husm\u00f6ten per \u00e5r, i st\u00e4llet f\u00f6r tv\u00e5 per termin<\/li><\/ul>\n\n\n\n<p><strong>Dagordning husm\u00f6te 200906 Kollektivhusf\u00f6reningen S\u00f6dra Station:&nbsp;<\/strong><\/p>\n\n\n\n<figure class=\"wp-block-embed\"><div class=\"wp-block-embed__wrapper\">\nhttps:\/\/docs.google.com\/document\/d\/1wUlbQ4YMrIy2LSYRkG2iGawtZ5yPC0yxwhkTGViYWYw\/edit?usp=sharing\n<\/div><\/figure>\n\n\n\n<p><strong>200315 Stadgegruppens f\u00f6rslag till Stadgar f\u00f6r Kollektivhusf\u00f6reningen S\u00f6dra Station:<\/strong><\/p>\n\n\n\n<figure class=\"wp-block-embed\"><div class=\"wp-block-embed__wrapper\">\nhttps:\/\/drive.google.com\/file\/d\/1HfrPqdHww4U-UaNDsBKduwlAc1_4rOlM\/view?usp=sharing\n<\/div><\/figure>\n\n\n\n<p><strong>Sp\u00e5rade \u00e4ndringar stadgegruppens f\u00f6rslag Kollektivhusf\u00f6reningen S\u00f6dra station:&nbsp;<\/strong><\/p>\n\n\n\n<figure class=\"wp-block-embed\"><div class=\"wp-block-embed__wrapper\">\nhttps:\/\/drive.google.com\/file\/d\/1W4k6b2fPIO2PbQ75G9BwyqRda7GxLgKZ\/view?usp=sharing\n<\/div><\/figure>\n\n\n\n<p><strong>KHF stadgar rev 2015<\/strong><\/p>\n\n\n\n<figure class=\"wp-block-embed\"><div class=\"wp-block-embed__wrapper\">\nhttps:\/\/drive.google.com\/file\/d\/1HChOE10RZ5av2T_LDcwVatGseBA60xba\/view?usp=sharing\n<\/div><\/figure>\n","protected":false},"excerpt":{"rendered":"<p>Detta \u00e4r kallelsen till n\u00e4sta husm\u00f6te s\u00f6ndag den 6 september kl 19\u201320.30 i matsalen, Kollektivhusf\u00f6reningen S\u00f6dra station. Enligt l\u00e4nkade dagordning avhandlar vi f\u00f6rst korta informationspunkter om v\u00e5r gemensamma verksamhet fr\u00e5n olika ansvariga i styrelsen, men huvudsakligen ska vi diskutera nya stadgar, se l\u00e4nkar. P\u00e5 husm\u00f6tet den 24 november 2019 togs fr\u00e5gan upp om att skapa &hellip; <\/p>\n<p class=\"link-more\"><a href=\"https:\/\/sodrastation.org\/?p=781\" class=\"more-link\">Forts\u00e4tt l\u00e4sa<span class=\"screen-reader-text\"> \u201dV\u00e4lkomna p\u00e5 husm\u00f6te f\u00f6r diskussion om f\u00f6rslaget p\u00e5 nya stadgar!\u201d<\/span><\/a><\/p>\n","protected":false},"author":6,"featured_media":0,"comment_status":"open","ping_status":"closed","sticky":false,"template":"","format":"standard","meta":{"jetpack_post_was_ever_published":false,"_jetpack_newsletter_access":"","_jetpack_dont_email_post_to_subs":false,"_jetpack_newsletter_tier_id":0,"_jetpack_memberships_contains_paywalled_content":false,"_jetpack_memberships_contains_paid_content":false,"footnotes":"","jetpack_publicize_message":"","jetpack_publicize_feature_enabled":true,"jetpack_social_post_already_shared":true,"jetpack_social_options":{"image_generator_settings":{"template":"highway","default_image_id":0,"font":"","enabled":false},"version":2}},"categories":[2,20,19,14],"tags":[],"class_list":["post-781","post","type-post","status-publish","format-standard","hentry","category-aktiviteter","category-protokoll-och-motesanteckningar","category-rutiner-och-instruktioner","category-nyheter"],"jetpack_publicize_connections":[],"jetpack_featured_media_url":"","jetpack_shortlink":"https:\/\/wp.me\/p4aZOx-cB","jetpack_sharing_enabled":true,"_links":{"self":[{"href":"https:\/\/sodrastation.org\/index.php?rest_route=\/wp\/v2\/posts\/781","targetHints":{"allow":["GET"]}}],"collection":[{"href":"https:\/\/sodrastation.org\/index.php?rest_route=\/wp\/v2\/posts"}],"about":[{"href":"https:\/\/sodrastation.org\/index.php?rest_route=\/wp\/v2\/types\/post"}],"author":[{"embeddable":true,"href":"https:\/\/sodrastation.org\/index.php?rest_route=\/wp\/v2\/users\/6"}],"replies":[{"embeddable":true,"href":"https:\/\/sodrastation.org\/index.php?rest_route=%2Fwp%2Fv2%2Fcomments&post=781"}],"version-history":[{"count":1,"href":"https:\/\/sodrastation.org\/index.php?rest_route=\/wp\/v2\/posts\/781\/revisions"}],"predecessor-version":[{"id":782,"href":"https:\/\/sodrastation.org\/index.php?rest_route=\/wp\/v2\/posts\/781\/revisions\/782"}],"wp:attachment":[{"href":"https:\/\/sodrastation.org\/index.php?rest_route=%2Fwp%2Fv2%2Fmedia&parent=781"}],"wp:term":[{"taxonomy":"category","embeddable":true,"href":"https:\/\/sodrastation.org\/index.php?rest_route=%2Fwp%2Fv2%2Fcategories&post=781"},{"taxonomy":"post_tag","embeddable":true,"href":"https:\/\/sodrastation.org\/index.php?rest_route=%2Fwp%2Fv2%2Ftags&post=781"}],"curies":[{"name":"wp","href":"https:\/\/api.w.org\/{rel}","templated":true}]}}